{"id":6226,"date":"2024-11-05T07:23:45","date_gmt":"2024-11-05T07:23:45","guid":{"rendered":"https:\/\/hotnews.azontree.com\/?p=6226"},"modified":"2024-11-05T07:23:45","modified_gmt":"2024-11-05T07:23:45","slug":"carlo-ancelotti-has-decided-to-start-both-mbappe-and-vinicius-jr-against-ac-milan-tomorrow-real-madrid-predicted-lineup-vs-ac-milan-champions-league","status":"publish","type":"post","link":"https:\/\/hotnews.azontree.com\/?p=6226","title":{"rendered":"Carlo Ancelotti has decided to start BOTH Mbapp\u00e9 and Vinicius Jr against AC Milan tomorrow. Real Madrid Predicted Lineup vs. AC Milan: Champions League"},"content":{"rendered":"<div class=\"ArticleParagraph_articleParagraph__MrxYL\">\n<p><img decoding=\"async\" class=\"aligncenter\" src=\"https:\/\/images2.minutemediacdn.com\/image\/upload\/c_crop,w_2680,h_1507,x_220,y_127\/c_fill,w_720,ar_16:9,f_auto,q_auto,g_auto\/images\/voltaxMediaLibrary\/mmsport\/si\/01jbw3f0xn866fz1e9b6.jpg\" \/>Just nine days after an embarrassing defeat to Barcelona in El Cl\u00e1sico,\u00a0Real Madrid\u00a0returns to Champions League action against AC\u00a0Milan.<\/p>\n<\/div>\n<div class=\"ArticleParagraph_articleParagraph__MrxYL\">\n<p>Nothing has gone right for\u00a0Real Madrid\u00a0in the last two weeks. The defending Spanish champions conceded four goals at home to\u00a0Barcelona\u00a0on Oct. 26, giving their biggest rivals an even larger lead atop the\u00a0La Liga\u00a0standings. Then, Vin\u00edcius J\u00fanior controversially lost the\u00a02024 Ballon d&#8217;Or\u00a0to Rodri on Oct. 28.<\/p>\n<div class=\"ArticleParagraph_articleParagraph__MrxYL\">\n<p>With so much disappointment surrounding the club to close out October,\u00a0Los Blancos\u00a0must now turn their attention to the\u00a0Champions League. Carlo Ancelotti&#8217;s former club is on its way to Madrid where it will look to hand\u00a0Real Madrid\u00a0its second home loss in as many games.<\/p>\n<\/div>\n<div class=\"ArticleParagraph_articleParagraph__MrxYL\">\n<p>The good news for the hosts is Rodrygo made Real Madrid&#8217;s squad. The Brazilian suffered a\u00a0thigh injury\u00a0in the team&#8217;s 5\u20132 victory over Borussia Dortmund on Oct. 22, but recovered quickly enough to possibly feature in Tuesday&#8217;s clash.\u00a0Thibaut Courtois, David Alaba and Dani Carvajal still remain on the sidelines due to various injuries.<\/p>\n<\/div>\n<div class=\"ArticleParagraph_articleParagraph__MrxYL\">\n<p>Here&#8217;s what Real Madrid&#8217;s XI could look like against Paulo Fonseca&#8217;s men on Tuesday, Nov. 5.<\/p>\n<p><img decoding=\"async\" class=\"aligncenter\" src=\"https:\/\/images2.minutemediacdn.com\/image\/upload\/c_crop,w_3640,h_2426,x_550,y_0\/c_fill,w_620,ar_3:2,f_auto,q_auto,g_auto\/images\/voltaxMediaLibrary\/mmsport\/real_madrid_cf_on_si\/01jbw587rnzwc0kpc2km.jpg\" \/><\/p>\n<\/div>\n<div class=\"ArticleParagraph_articleParagraph__MrxYL\">\n<h3>Real Madrid Predicted Lineup vs. AC\u00a0Milan\u00a0(4-3-1-2)<\/h3>\n<\/div>\n<div class=\"ArticleParagraph_articleParagraph__MrxYL\">\n<p><strong>GK: Andriy Lunin<\/strong>\u2014With Courtois still sidelined, Lunin is in for his fourth start of the season.<\/p>\n<\/div>\n<div class=\"ArticleParagraph_articleParagraph__MrxYL\">\n<p><strong>RB: Lucas V\u00e1zquez<\/strong>\u2014The Spaniard has yet to put in a decisive performance on the right flank in the absence of Carvajal. V\u00e1zquez massively struggled on defense in Real Madrid&#8217;s last two matches.<\/p>\n<\/div>\n<div class=\"ArticleParagraph_articleParagraph__MrxYL\">\n<p><strong>CB: \u00c9der Milit\u00e3o<\/strong>\u2014Milit\u00e3o matches up well with ex-Real Madrid man \u00c1lvaro Morata, who has not scored for\u00a0Milan\u00a0since Sept. 27.<\/p>\n<\/div>\n<div class=\"ArticleParagraph_articleParagraph__MrxYL\">\n<p><strong>CB: Antonio R\u00fcdiger<\/strong>\u2014Despite fitness concerns, R\u00fcdiger should be ready to go come Tuesday night. The center-back found the back of the net in two of Los Blancos&#8217; three UCL fixtures this season.<\/p>\n<\/div>\n<div class=\"ArticleParagraph_articleParagraph__MrxYL\">\n<p><strong>LB: Ferland Mendy<\/strong>\u2014Mendy must lock down Christian Pulisic if\u00a0Real Madrid\u00a0wants to avoid conceding multiple goals for the third consecutive match.<\/p>\n<\/div>\n<div class=\"ArticleParagraph_articleParagraph__MrxYL\">\n<p><strong>CM: Federico Valverde<\/strong>\u2014Ancelotti&#8217;s most consistent and reliable player is due to make his 16th consecutive start for\u00a0Los Blancos\u00a0this season.<\/p>\n<\/div>\n<div class=\"ArticleParagraph_articleParagraph__MrxYL\">\n<p><strong>CM: Eduardo Camavinga<\/strong>\u2014Perhaps the only standout in Real Madrid&#8217;s disastrous El Cl\u00e1sico defeat, Camavinga&#8217;s defensive prowess earned himself a spot in Ancelotti&#8217;s XI.<\/p>\n<\/div>\n<div class=\"ArticleParagraph_articleParagraph__MrxYL\">\n<p><strong>CM: Luka Modri\u0107<\/strong>\u2014The 39-year-old&#8217;s creativity will be a welcomed addition to a\u00a0Real Madrid\u00a0side that scored zero goals in its previous match. Modri\u0107&#8217;s set piece delivery and playmaking ability will be critical to overcome a stingy\u00a0Milan\u00a0backline.<\/p>\n<\/div>\n<div class=\"ArticleParagraph_articleParagraph__MrxYL\">\n<p><strong>CAM: Jude Bellingham<\/strong>\u2014After several experiments playing as a right midfielder, expect Bellingham to return to his natural position on Tuesday. The England international has still yet to find the back of the net this season.<\/p>\n<\/div>\n<div class=\"ArticleParagraph_articleParagraph__MrxYL\">\n<p><strong>ST: Kylian Mbapp\u00e9<\/strong>\u2014After a poor performance in his first El Cl\u00e1sico, Mbapp\u00e9 will be eager to bounce back against\u00a0Milan. The Frenchman only has one UCL goal to his name for\u00a0Real Madrid.<\/p>\n<\/div>\n<div class=\"ArticleParagraph_articleParagraph__MrxYL\">\n<p><strong>ST: Vin\u00edcius J\u00fanior<\/strong>\u2014The Brazilian returns to the pitch for the first time since losing the 2024 Ballon d&#8217;Or. Vin\u00edcius Jr.&#8217;s last UCL appearance ended with a\u00a0hat trick against Dortmund.<\/p>\n<p><img decoding=\"async\" src=\"https:\/\/scontent.fdad1-4.fna.fbcdn.net\/v\/t39.30808-6\/465379556_1184233016837521_3704373171293742842_n.jpg?_nc_cat=1&amp;ccb=1-7&amp;_nc_sid=833d8c&amp;_nc_ohc=dIlhwjNVdBEQ7kNvgFvbuyv&amp;_nc_zt=23&amp;_nc_ht=scontent.fdad1-4.fna&amp;_nc_gid=AnLRrrJ24TEhe0lxWPPNakg&amp;oh=00_AYCrOFnhJAnfKHjvTqXicw1y6Rip2S8l189F4Oyj2iHo0A&amp;oe=672F81EC\" alt=\"C\u00f3 th\u1ec3 l\u00e0 h\u00ecnh \u1ea3nh v\u1ec1 2 ng\u01b0\u1eddi, m\u1ecdi ng\u01b0\u1eddi \u0111ang ch\u01a1i b\u00f3ng \u0111\u00e1, m\u1ecdi ng\u01b0\u1eddi \u0111ang ch\u01a1i b\u00f3ng b\u1ea7u d\u1ee5c, gi\u00e0y \u0111inh v\u00e0 v\u0103n b\u1ea3n\" \/><\/p>\n<\/div>\n<\/div>\n","protected":false},"excerpt":{"rendered":"<p>Just nine days after an embarrassing defeat to Barcelona in El Cl\u00e1sico,\u00a0Real Madrid\u00a0returns to Champions League action against AC\u00a0Milan. Nothing has gone right for\u00a0Real Madrid\u00a0in the last&#8230; <\/p>\n","protected":false},"author":8,"featured_media":6229,"comment_status":"closed","ping_status":"closed","sticky":false,"template":"","format":"standard","meta":{"footnotes":""},"categories":[1],"tags":[],"class_list":["post-6226","post","type-post","status-publish","format-standard","has-post-thumbnail","hentry","category-hot-news"],"yoast_head":"<!-- This site is optimized with the Yoast SEO plugin v23.6 - https:\/\/yoast.com\/wordpress\/plugins\/seo\/ -->\n<title>Carlo Ancelotti has decided to start BOTH Mbapp\u00e9 and Vinicius Jr against AC Milan tomorrow. Real Madrid Predicted Lineup vs. AC Milan: Champions League - NEWS USA<\/title>\n<meta name=\"robots\" content=\"index, follow, max-snippet:-1, max-image-preview:large, max-video-preview:-1\" \/>\n<link rel=\"canonical\" href=\"https:\/\/hotnews.azontree.com\/?p=6226\" \/>\n<meta property=\"og:locale\" content=\"en_US\" \/>\n<meta property=\"og:type\" content=\"article\" \/>\n<meta property=\"og:title\" content=\"Carlo Ancelotti has decided to start BOTH Mbapp\u00e9 and Vinicius Jr against AC Milan tomorrow. Real Madrid Predicted Lineup vs. AC Milan: Champions League - NEWS USA\" \/>\n<meta property=\"og:description\" content=\"Just nine days after an embarrassing defeat to Barcelona in El Cl\u00e1sico,\u00a0Real Madrid\u00a0returns to Champions League action against AC\u00a0Milan. Nothing has gone right for\u00a0Real Madrid\u00a0in the last...\" \/>\n<meta property=\"og:url\" content=\"https:\/\/hotnews.azontree.com\/?p=6226\" \/>\n<meta property=\"og:site_name\" content=\"NEWS USA\" \/>\n<meta property=\"article:published_time\" content=\"2024-11-05T07:23:45+00:00\" \/>\n<meta property=\"og:image\" content=\"https:\/\/hotnews.azontree.com\/wp-content\/uploads\/2024\/11\/1-26-1024x1024.png\" \/>\n\t<meta property=\"og:image:width\" content=\"1024\" \/>\n\t<meta property=\"og:image:height\" content=\"1024\" \/>\n\t<meta property=\"og:image:type\" content=\"image\/png\" \/>\n<meta name=\"author\" content=\"MrHuong MrHuong\" \/>\n<meta name=\"twitter:card\" content=\"summary_large_image\" \/>\n<meta name=\"twitter:label1\" content=\"Written by\" \/>\n\t<meta name=\"twitter:data1\" content=\"MrHuong MrHuong\" \/>\n\t<meta name=\"twitter:label2\" content=\"Est. reading time\" \/>\n\t<meta name=\"twitter:data2\" content=\"4 minutes\" \/>\n<script type=\"application\/ld+json\" class=\"yoast-schema-graph\">{\"@context\":\"https:\/\/schema.org\",\"@graph\":[{\"@type\":\"WebPage\",\"@id\":\"https:\/\/hotnews.azontree.com\/?p=6226\",\"url\":\"https:\/\/hotnews.azontree.com\/?p=6226\",\"name\":\"Carlo Ancelotti has decided to start BOTH Mbapp\u00e9 and Vinicius Jr against AC Milan tomorrow. Real Madrid Predicted Lineup vs. AC Milan: Champions League - NEWS USA\",\"isPartOf\":{\"@id\":\"https:\/\/hotnews.azontree.com\/#website\"},\"primaryImageOfPage\":{\"@id\":\"https:\/\/hotnews.azontree.com\/?p=6226#primaryimage\"},\"image\":{\"@id\":\"https:\/\/hotnews.azontree.com\/?p=6226#primaryimage\"},\"thumbnailUrl\":\"https:\/\/hotnews.azontree.com\/wp-content\/uploads\/2024\/11\/1-26.png\",\"datePublished\":\"2024-11-05T07:23:45+00:00\",\"dateModified\":\"2024-11-05T07:23:45+00:00\",\"author\":{\"@id\":\"https:\/\/hotnews.azontree.com\/#\/schema\/person\/be4a7a1dd6610f91ca61f0056665371f\"},\"breadcrumb\":{\"@id\":\"https:\/\/hotnews.azontree.com\/?p=6226#breadcrumb\"},\"inLanguage\":\"en-US\",\"potentialAction\":[{\"@type\":\"ReadAction\",\"target\":[\"https:\/\/hotnews.azontree.com\/?p=6226\"]}]},{\"@type\":\"ImageObject\",\"inLanguage\":\"en-US\",\"@id\":\"https:\/\/hotnews.azontree.com\/?p=6226#primaryimage\",\"url\":\"https:\/\/hotnews.azontree.com\/wp-content\/uploads\/2024\/11\/1-26.png\",\"contentUrl\":\"https:\/\/hotnews.azontree.com\/wp-content\/uploads\/2024\/11\/1-26.png\",\"width\":2000,\"height\":2000},{\"@type\":\"BreadcrumbList\",\"@id\":\"https:\/\/hotnews.azontree.com\/?p=6226#breadcrumb\",\"itemListElement\":[{\"@type\":\"ListItem\",\"position\":1,\"name\":\"Home\",\"item\":\"https:\/\/hotnews.azontree.com\/\"},{\"@type\":\"ListItem\",\"position\":2,\"name\":\"Carlo Ancelotti has decided to start BOTH Mbapp\u00e9 and Vinicius Jr against AC Milan tomorrow. Real Madrid Predicted Lineup vs. AC Milan: Champions League\"}]},{\"@type\":\"WebSite\",\"@id\":\"https:\/\/hotnews.azontree.com\/#website\",\"url\":\"https:\/\/hotnews.azontree.com\/\",\"name\":\"NEWS USA\",\"description\":\"Explore top US sports stories, expert analysis, and live updates\",\"potentialAction\":[{\"@type\":\"SearchAction\",\"target\":{\"@type\":\"EntryPoint\",\"urlTemplate\":\"https:\/\/hotnews.azontree.com\/?s={search_term_string}\"},\"query-input\":{\"@type\":\"PropertyValueSpecification\",\"valueRequired\":true,\"valueName\":\"search_term_string\"}}],\"inLanguage\":\"en-US\"},{\"@type\":\"Person\",\"@id\":\"https:\/\/hotnews.azontree.com\/#\/schema\/person\/be4a7a1dd6610f91ca61f0056665371f\",\"name\":\"MrHuong MrHuong\",\"image\":{\"@type\":\"ImageObject\",\"inLanguage\":\"en-US\",\"@id\":\"https:\/\/hotnews.azontree.com\/#\/schema\/person\/image\/\",\"url\":\"https:\/\/secure.gravatar.com\/avatar\/94edb664d54a8d5821dfaf385af9e36a51c05e386af825467869258e2ec5d25e?s=96&d=mm&r=g\",\"contentUrl\":\"https:\/\/secure.gravatar.com\/avatar\/94edb664d54a8d5821dfaf385af9e36a51c05e386af825467869258e2ec5d25e?s=96&d=mm&r=g\",\"caption\":\"MrHuong MrHuong\"},\"url\":\"https:\/\/hotnews.azontree.com\/?author=8\"}]}<\/script>\n<!-- \/ Yoast SEO plugin. -->","yoast_head_json":{"title":"Carlo Ancelotti has decided to start BOTH Mbapp\u00e9 and Vinicius Jr against AC Milan tomorrow. Real Madrid Predicted Lineup vs. AC Milan: Champions League - NEWS USA","robots":{"index":"index","follow":"follow","max-snippet":"max-snippet:-1","max-image-preview":"max-image-preview:large","max-video-preview":"max-video-preview:-1"},"canonical":"https:\/\/hotnews.azontree.com\/?p=6226","og_locale":"en_US","og_type":"article","og_title":"Carlo Ancelotti has decided to start BOTH Mbapp\u00e9 and Vinicius Jr against AC Milan tomorrow. Real Madrid Predicted Lineup vs. AC Milan: Champions League - NEWS USA","og_description":"Just nine days after an embarrassing defeat to Barcelona in El Cl\u00e1sico,\u00a0Real Madrid\u00a0returns to Champions League action against AC\u00a0Milan. Nothing has gone right for\u00a0Real Madrid\u00a0in the last...","og_url":"https:\/\/hotnews.azontree.com\/?p=6226","og_site_name":"NEWS USA","article_published_time":"2024-11-05T07:23:45+00:00","og_image":[{"width":1024,"height":1024,"url":"https:\/\/hotnews.azontree.com\/wp-content\/uploads\/2024\/11\/1-26-1024x1024.png","type":"image\/png"}],"author":"MrHuong MrHuong","twitter_card":"summary_large_image","twitter_misc":{"Written by":"MrHuong MrHuong","Est. reading time":"4 minutes"},"schema":{"@context":"https:\/\/schema.org","@graph":[{"@type":"WebPage","@id":"https:\/\/hotnews.azontree.com\/?p=6226","url":"https:\/\/hotnews.azontree.com\/?p=6226","name":"Carlo Ancelotti has decided to start BOTH Mbapp\u00e9 and Vinicius Jr against AC Milan tomorrow. Real Madrid Predicted Lineup vs. AC Milan: Champions League - NEWS USA","isPartOf":{"@id":"https:\/\/hotnews.azontree.com\/#website"},"primaryImageOfPage":{"@id":"https:\/\/hotnews.azontree.com\/?p=6226#primaryimage"},"image":{"@id":"https:\/\/hotnews.azontree.com\/?p=6226#primaryimage"},"thumbnailUrl":"https:\/\/hotnews.azontree.com\/wp-content\/uploads\/2024\/11\/1-26.png","datePublished":"2024-11-05T07:23:45+00:00","dateModified":"2024-11-05T07:23:45+00:00","author":{"@id":"https:\/\/hotnews.azontree.com\/#\/schema\/person\/be4a7a1dd6610f91ca61f0056665371f"},"breadcrumb":{"@id":"https:\/\/hotnews.azontree.com\/?p=6226#breadcrumb"},"inLanguage":"en-US","potentialAction":[{"@type":"ReadAction","target":["https:\/\/hotnews.azontree.com\/?p=6226"]}]},{"@type":"ImageObject","inLanguage":"en-US","@id":"https:\/\/hotnews.azontree.com\/?p=6226#primaryimage","url":"https:\/\/hotnews.azontree.com\/wp-content\/uploads\/2024\/11\/1-26.png","contentUrl":"https:\/\/hotnews.azontree.com\/wp-content\/uploads\/2024\/11\/1-26.png","width":2000,"height":2000},{"@type":"BreadcrumbList","@id":"https:\/\/hotnews.azontree.com\/?p=6226#breadcrumb","itemListElement":[{"@type":"ListItem","position":1,"name":"Home","item":"https:\/\/hotnews.azontree.com\/"},{"@type":"ListItem","position":2,"name":"Carlo Ancelotti has decided to start BOTH Mbapp\u00e9 and Vinicius Jr against AC Milan tomorrow. Real Madrid Predicted Lineup vs. AC Milan: Champions League"}]},{"@type":"WebSite","@id":"https:\/\/hotnews.azontree.com\/#website","url":"https:\/\/hotnews.azontree.com\/","name":"NEWS USA","description":"Explore top US sports stories, expert analysis, and live updates","potentialAction":[{"@type":"SearchAction","target":{"@type":"EntryPoint","urlTemplate":"https:\/\/hotnews.azontree.com\/?s={search_term_string}"},"query-input":{"@type":"PropertyValueSpecification","valueRequired":true,"valueName":"search_term_string"}}],"inLanguage":"en-US"},{"@type":"Person","@id":"https:\/\/hotnews.azontree.com\/#\/schema\/person\/be4a7a1dd6610f91ca61f0056665371f","name":"MrHuong MrHuong","image":{"@type":"ImageObject","inLanguage":"en-US","@id":"https:\/\/hotnews.azontree.com\/#\/schema\/person\/image\/","url":"https:\/\/secure.gravatar.com\/avatar\/94edb664d54a8d5821dfaf385af9e36a51c05e386af825467869258e2ec5d25e?s=96&d=mm&r=g","contentUrl":"https:\/\/secure.gravatar.com\/avatar\/94edb664d54a8d5821dfaf385af9e36a51c05e386af825467869258e2ec5d25e?s=96&d=mm&r=g","caption":"MrHuong MrHuong"},"url":"https:\/\/hotnews.azontree.com\/?author=8"}]}},"_links":{"self":[{"href":"https:\/\/hotnews.azontree.com\/index.php?rest_route=\/wp\/v2\/posts\/6226","targetHints":{"allow":["GET"]}}],"collection":[{"href":"https:\/\/hotnews.azontree.com\/index.php?rest_route=\/wp\/v2\/posts"}],"about":[{"href":"https:\/\/hotnews.azontree.com\/index.php?rest_route=\/wp\/v2\/types\/post"}],"author":[{"embeddable":true,"href":"https:\/\/hotnews.azontree.com\/index.php?rest_route=\/wp\/v2\/users\/8"}],"replies":[{"embeddable":true,"href":"https:\/\/hotnews.azontree.com\/index.php?rest_route=%2Fwp%2Fv2%2Fcomments&post=6226"}],"version-history":[{"count":1,"href":"https:\/\/hotnews.azontree.com\/index.php?rest_route=\/wp\/v2\/posts\/6226\/revisions"}],"predecessor-version":[{"id":6231,"href":"https:\/\/hotnews.azontree.com\/index.php?rest_route=\/wp\/v2\/posts\/6226\/revisions\/6231"}],"wp:featuredmedia":[{"embeddable":true,"href":"https:\/\/hotnews.azontree.com\/index.php?rest_route=\/wp\/v2\/media\/6229"}],"wp:attachment":[{"href":"https:\/\/hotnews.azontree.com\/index.php?rest_route=%2Fwp%2Fv2%2Fmedia&parent=6226"}],"wp:term":[{"taxonomy":"category","embeddable":true,"href":"https:\/\/hotnews.azontree.com\/index.php?rest_route=%2Fwp%2Fv2%2Fcategories&post=6226"},{"taxonomy":"post_tag","embeddable":true,"href":"https:\/\/hotnews.azontree.com\/index.php?rest_route=%2Fwp%2Fv2%2Ftags&post=6226"}],"curies":[{"name":"wp","href":"https:\/\/api.w.org\/{rel}","templated":true}]}}