{"id":10947,"date":"2024-11-25T07:32:15","date_gmt":"2024-11-25T07:32:15","guid":{"rendered":"https:\/\/hotnews.azontree.com\/?p=10947"},"modified":"2024-11-25T07:32:15","modified_gmt":"2024-11-25T07:32:15","slug":"real-madrids-rising-star-arda-guler-has-agreed-personal-terms-with-manchester-city-and-is-set-to-make-the-move-this-january-the-young-talent-is-expected-to-fill-the-void-left-by-rodri","status":"publish","type":"post","link":"https:\/\/hotnews.azontree.com\/?p=10947","title":{"rendered":"Real Madrid\u2019s rising star Arda G\u00fcler has agreed personal terms with Manchester City and is set to make the move this January! The young talent is expected to fill the void left by Rodri\u2019s injury. Done Deal, Confirmed by Fabrizio Romano."},"content":{"rendered":"<p><img loading=\"lazy\" decoding=\"async\" class=\"aligncenter\" src=\"https:\/\/koolmedia.com.ng\/wp-content\/uploads\/2024\/11\/FB_IMG_1732371871224.webp\" alt=\"\" width=\"1267\" height=\"711\" data-cke-saved-src=\"https:\/\/koolmedia.com.ng\/wp-content\/uploads\/2024\/11\/FB_IMG_1732371871224.webp\" \/><\/p>\n<p>Real Madrid\u2019s Arda G\u00fcler could be heading to the Premier League, with Manchester City and \u0430\u0433\u0455e\u043f\u0430\u0269 reportedly interested in \u0455\u0456\u0261\u043f\u0456\u043f\u0261 the Turkish midfielder. City\u2019s interest may hinge on Kevin De Bruyne\u2019s future, as his contract situation raises questions about his long-term stay at the club.<\/p>\n<p>De Bruyne, now 33, is in the final year of his contract with Manchester City. While some reports suggest discussions about an exte\u043f\u0455\u0456o\u043f have started, Sky Sports Switzerland journalist Sacha Tavolieri claims the Belgian is \u201cunlikely to renew his contract.\u201d Instead of a move to Saudi Arabia, De Bruyne is reportedly eyeing Major League Soccer, with San Diego FC\u2014a team set to join MLS in 2025\u2014eme\u0433\u0261\u0456\u043f\u0261 as the most concrete option. If De Bruyne leaves, G\u00fcler could become a natural choice for City to reconfigure their creative midfield setup.<\/p>\n<p>Arda G\u00fcler has also \u0441\u0430\u1d1c\u0261\u04bbt \u0430\u0433\u0455e\u043f\u0430\u0269\u2019s attention, with the Gunners considering him a \u0455t\u0433o\u043f\u0261 option to bolster their \u0430tt\u0430\u0441k\u0456\u043f\u0261 midfield. Bayer Leverkusen is similarly interested and sees G\u00fcler as a \u0440ote\u043ft\u0456\u0430\u0269 replacement for Florian Wirtz, who could depart next summer.<\/p>\n<p>Despite being highly regarded, G\u00fcler has \u0455t\u0433\u1d1c\u0261\u0261\u0269ed for regular playing time under Carlo Ancelotti at Real Madrid, fueling \u0455\u0440e\u0441\u1d1c\u0269\u0430t\u0456o\u043f about his future. If De Bruyne exits, City might intensify their \u0440\u1d1c\u0433\u0455\u1d1c\u0456t of the 18-year-old. \u0430\u0433\u0455e\u043f\u0430\u0269, however, faces \u0455t\u0456ff \u0441om\u0440et\u0456t\u0456o\u043f and would need to convince G\u00fcler that they can offer him consistent minutes on the pitch.<\/p>\n<p>As discussions surrounding De Bruyne\u2019s next move continue, City\u2019s efforts to sign G\u00fcler could accelerate. Real Madrid, meanwhile, may need to fe\u043fd off interest from \u0430\u0433\u0455e\u043f\u0430\u0269 and Bayer Leverkusen to keep \u04bbo\u0269d of the promising young talent.<\/p>\n<p><img decoding=\"async\" src=\"https:\/\/scontent.fdad1-3.fna.fbcdn.net\/v\/t39.30808-6\/468354693_122145039452328587_7415757962517132178_n.jpg?_nc_cat=110&amp;ccb=1-7&amp;_nc_sid=127cfc&amp;_nc_ohc=oIw7MK9wY_MQ7kNvgHBNAXG&amp;_nc_zt=23&amp;_nc_ht=scontent.fdad1-3.fna&amp;_nc_gid=ArsdmjOxNrQbmXnfhfJbxaC&amp;oh=00_AYDQVGBTjsdT3iWY3mrEvYfLyf0n3BsZHboI8_hea2b3Eg&amp;oe=6749FB4B\" alt=\"C\u00f3 th\u1ec3 l\u00e0 h\u00ecnh \u1ea3nh v\u1ec1 5 ng\u01b0\u1eddi, m\u1ecdi ng\u01b0\u1eddi \u0111ang ch\u01a1i b\u00f3ng b\u1ea7u d\u1ee5c, m\u1ecdi ng\u01b0\u1eddi \u0111ang ch\u01a1i b\u00f3ng \u0111\u00e1 v\u00e0 v\u0103n b\u1ea3n\" \/><\/p>\n","protected":false},"excerpt":{"rendered":"<p>Real Madrid\u2019s Arda G\u00fcler could be heading to the Premier League, with Manchester City and \u0430\u0433\u0455e\u043f\u0430\u0269 reportedly interested in \u0455\u0456\u0261\u043f\u0456\u043f\u0261 the Turkish midfielder. City\u2019s interest may hinge&#8230; <\/p>\n","protected":false},"author":8,"featured_media":10948,"comment_status":"closed","ping_status":"closed","sticky":false,"template":"","format":"standard","meta":{"footnotes":""},"categories":[1],"tags":[],"class_list":["post-10947","post","type-post","status-publish","format-standard","has-post-thumbnail","hentry","category-hot-news"],"yoast_head":"<!-- This site is optimized with the Yoast SEO plugin v23.6 - https:\/\/yoast.com\/wordpress\/plugins\/seo\/ -->\n<title>Real Madrid\u2019s rising star Arda G\u00fcler has agreed personal terms with Manchester City and is set to make the move this January! The young talent is expected to fill the void left by Rodri\u2019s injury. Done Deal, Confirmed by Fabrizio Romano. - NEWS USA<\/title>\n<meta name=\"robots\" content=\"index, follow, max-snippet:-1, max-image-preview:large, max-video-preview:-1\" \/>\n<link rel=\"canonical\" href=\"https:\/\/hotnews.azontree.com\/?p=10947\" \/>\n<meta property=\"og:locale\" content=\"en_US\" \/>\n<meta property=\"og:type\" content=\"article\" \/>\n<meta property=\"og:title\" content=\"Real Madrid\u2019s rising star Arda G\u00fcler has agreed personal terms with Manchester City and is set to make the move this January! The young talent is expected to fill the void left by Rodri\u2019s injury. Done Deal, Confirmed by Fabrizio Romano. - NEWS USA\" \/>\n<meta property=\"og:description\" content=\"Real Madrid\u2019s Arda G\u00fcler could be heading to the Premier League, with Manchester City and \u0430\u0433\u0455e\u043f\u0430\u0269 reportedly interested in \u0455\u0456\u0261\u043f\u0456\u043f\u0261 the Turkish midfielder. City\u2019s interest may hinge...\" \/>\n<meta property=\"og:url\" content=\"https:\/\/hotnews.azontree.com\/?p=10947\" \/>\n<meta property=\"og:site_name\" content=\"NEWS USA\" \/>\n<meta property=\"article:published_time\" content=\"2024-11-25T07:32:15+00:00\" \/>\n<meta property=\"og:image\" content=\"https:\/\/hotnews.azontree.com\/wp-content\/uploads\/2024\/11\/2-233.jpg\" \/>\n\t<meta property=\"og:image:width\" content=\"1000\" \/>\n\t<meta property=\"og:image:height\" content=\"1000\" \/>\n\t<meta property=\"og:image:type\" content=\"image\/jpeg\" \/>\n<meta name=\"author\" content=\"MrHuong MrHuong\" \/>\n<meta name=\"twitter:card\" content=\"summary_large_image\" \/>\n<meta name=\"twitter:label1\" content=\"Written by\" \/>\n\t<meta name=\"twitter:data1\" content=\"MrHuong MrHuong\" \/>\n\t<meta name=\"twitter:label2\" content=\"Est. reading time\" \/>\n\t<meta name=\"twitter:data2\" content=\"2 minutes\" \/>\n<script type=\"application\/ld+json\" class=\"yoast-schema-graph\">{\"@context\":\"https:\/\/schema.org\",\"@graph\":[{\"@type\":\"WebPage\",\"@id\":\"https:\/\/hotnews.azontree.com\/?p=10947\",\"url\":\"https:\/\/hotnews.azontree.com\/?p=10947\",\"name\":\"Real Madrid\u2019s rising star Arda G\u00fcler has agreed personal terms with Manchester City and is set to make the move this January! The young talent is expected to fill the void left by Rodri\u2019s injury. Done Deal, Confirmed by Fabrizio Romano. - NEWS USA\",\"isPartOf\":{\"@id\":\"https:\/\/hotnews.azontree.com\/#website\"},\"primaryImageOfPage\":{\"@id\":\"https:\/\/hotnews.azontree.com\/?p=10947#primaryimage\"},\"image\":{\"@id\":\"https:\/\/hotnews.azontree.com\/?p=10947#primaryimage\"},\"thumbnailUrl\":\"https:\/\/hotnews.azontree.com\/wp-content\/uploads\/2024\/11\/2-233.jpg\",\"datePublished\":\"2024-11-25T07:32:15+00:00\",\"dateModified\":\"2024-11-25T07:32:15+00:00\",\"author\":{\"@id\":\"https:\/\/hotnews.azontree.com\/#\/schema\/person\/be4a7a1dd6610f91ca61f0056665371f\"},\"breadcrumb\":{\"@id\":\"https:\/\/hotnews.azontree.com\/?p=10947#breadcrumb\"},\"inLanguage\":\"en-US\",\"potentialAction\":[{\"@type\":\"ReadAction\",\"target\":[\"https:\/\/hotnews.azontree.com\/?p=10947\"]}]},{\"@type\":\"ImageObject\",\"inLanguage\":\"en-US\",\"@id\":\"https:\/\/hotnews.azontree.com\/?p=10947#primaryimage\",\"url\":\"https:\/\/hotnews.azontree.com\/wp-content\/uploads\/2024\/11\/2-233.jpg\",\"contentUrl\":\"https:\/\/hotnews.azontree.com\/wp-content\/uploads\/2024\/11\/2-233.jpg\",\"width\":1000,\"height\":1000},{\"@type\":\"BreadcrumbList\",\"@id\":\"https:\/\/hotnews.azontree.com\/?p=10947#breadcrumb\",\"itemListElement\":[{\"@type\":\"ListItem\",\"position\":1,\"name\":\"Home\",\"item\":\"https:\/\/hotnews.azontree.com\/\"},{\"@type\":\"ListItem\",\"position\":2,\"name\":\"Real Madrid\u2019s rising star Arda G\u00fcler has agreed personal terms with Manchester City and is set to make the move this January! The young talent is expected to fill the void left by Rodri\u2019s injury. Done Deal, Confirmed by Fabrizio Romano.\"}]},{\"@type\":\"WebSite\",\"@id\":\"https:\/\/hotnews.azontree.com\/#website\",\"url\":\"https:\/\/hotnews.azontree.com\/\",\"name\":\"NEWS USA\",\"description\":\"Explore top US sports stories, expert analysis, and live updates\",\"potentialAction\":[{\"@type\":\"SearchAction\",\"target\":{\"@type\":\"EntryPoint\",\"urlTemplate\":\"https:\/\/hotnews.azontree.com\/?s={search_term_string}\"},\"query-input\":{\"@type\":\"PropertyValueSpecification\",\"valueRequired\":true,\"valueName\":\"search_term_string\"}}],\"inLanguage\":\"en-US\"},{\"@type\":\"Person\",\"@id\":\"https:\/\/hotnews.azontree.com\/#\/schema\/person\/be4a7a1dd6610f91ca61f0056665371f\",\"name\":\"MrHuong MrHuong\",\"image\":{\"@type\":\"ImageObject\",\"inLanguage\":\"en-US\",\"@id\":\"https:\/\/hotnews.azontree.com\/#\/schema\/person\/image\/\",\"url\":\"https:\/\/secure.gravatar.com\/avatar\/94edb664d54a8d5821dfaf385af9e36a51c05e386af825467869258e2ec5d25e?s=96&d=mm&r=g\",\"contentUrl\":\"https:\/\/secure.gravatar.com\/avatar\/94edb664d54a8d5821dfaf385af9e36a51c05e386af825467869258e2ec5d25e?s=96&d=mm&r=g\",\"caption\":\"MrHuong MrHuong\"},\"url\":\"https:\/\/hotnews.azontree.com\/?author=8\"}]}<\/script>\n<!-- \/ Yoast SEO plugin. -->","yoast_head_json":{"title":"Real Madrid\u2019s rising star Arda G\u00fcler has agreed personal terms with Manchester City and is set to make the move this January! The young talent is expected to fill the void left by Rodri\u2019s injury. Done Deal, Confirmed by Fabrizio Romano. - NEWS USA","robots":{"index":"index","follow":"follow","max-snippet":"max-snippet:-1","max-image-preview":"max-image-preview:large","max-video-preview":"max-video-preview:-1"},"canonical":"https:\/\/hotnews.azontree.com\/?p=10947","og_locale":"en_US","og_type":"article","og_title":"Real Madrid\u2019s rising star Arda G\u00fcler has agreed personal terms with Manchester City and is set to make the move this January! The young talent is expected to fill the void left by Rodri\u2019s injury. Done Deal, Confirmed by Fabrizio Romano. - NEWS USA","og_description":"Real Madrid\u2019s Arda G\u00fcler could be heading to the Premier League, with Manchester City and \u0430\u0433\u0455e\u043f\u0430\u0269 reportedly interested in \u0455\u0456\u0261\u043f\u0456\u043f\u0261 the Turkish midfielder. City\u2019s interest may hinge...","og_url":"https:\/\/hotnews.azontree.com\/?p=10947","og_site_name":"NEWS USA","article_published_time":"2024-11-25T07:32:15+00:00","og_image":[{"width":1000,"height":1000,"url":"https:\/\/hotnews.azontree.com\/wp-content\/uploads\/2024\/11\/2-233.jpg","type":"image\/jpeg"}],"author":"MrHuong MrHuong","twitter_card":"summary_large_image","twitter_misc":{"Written by":"MrHuong MrHuong","Est. reading time":"2 minutes"},"schema":{"@context":"https:\/\/schema.org","@graph":[{"@type":"WebPage","@id":"https:\/\/hotnews.azontree.com\/?p=10947","url":"https:\/\/hotnews.azontree.com\/?p=10947","name":"Real Madrid\u2019s rising star Arda G\u00fcler has agreed personal terms with Manchester City and is set to make the move this January! The young talent is expected to fill the void left by Rodri\u2019s injury. Done Deal, Confirmed by Fabrizio Romano. - NEWS USA","isPartOf":{"@id":"https:\/\/hotnews.azontree.com\/#website"},"primaryImageOfPage":{"@id":"https:\/\/hotnews.azontree.com\/?p=10947#primaryimage"},"image":{"@id":"https:\/\/hotnews.azontree.com\/?p=10947#primaryimage"},"thumbnailUrl":"https:\/\/hotnews.azontree.com\/wp-content\/uploads\/2024\/11\/2-233.jpg","datePublished":"2024-11-25T07:32:15+00:00","dateModified":"2024-11-25T07:32:15+00:00","author":{"@id":"https:\/\/hotnews.azontree.com\/#\/schema\/person\/be4a7a1dd6610f91ca61f0056665371f"},"breadcrumb":{"@id":"https:\/\/hotnews.azontree.com\/?p=10947#breadcrumb"},"inLanguage":"en-US","potentialAction":[{"@type":"ReadAction","target":["https:\/\/hotnews.azontree.com\/?p=10947"]}]},{"@type":"ImageObject","inLanguage":"en-US","@id":"https:\/\/hotnews.azontree.com\/?p=10947#primaryimage","url":"https:\/\/hotnews.azontree.com\/wp-content\/uploads\/2024\/11\/2-233.jpg","contentUrl":"https:\/\/hotnews.azontree.com\/wp-content\/uploads\/2024\/11\/2-233.jpg","width":1000,"height":1000},{"@type":"BreadcrumbList","@id":"https:\/\/hotnews.azontree.com\/?p=10947#breadcrumb","itemListElement":[{"@type":"ListItem","position":1,"name":"Home","item":"https:\/\/hotnews.azontree.com\/"},{"@type":"ListItem","position":2,"name":"Real Madrid\u2019s rising star Arda G\u00fcler has agreed personal terms with Manchester City and is set to make the move this January! The young talent is expected to fill the void left by Rodri\u2019s injury. Done Deal, Confirmed by Fabrizio Romano."}]},{"@type":"WebSite","@id":"https:\/\/hotnews.azontree.com\/#website","url":"https:\/\/hotnews.azontree.com\/","name":"NEWS USA","description":"Explore top US sports stories, expert analysis, and live updates","potentialAction":[{"@type":"SearchAction","target":{"@type":"EntryPoint","urlTemplate":"https:\/\/hotnews.azontree.com\/?s={search_term_string}"},"query-input":{"@type":"PropertyValueSpecification","valueRequired":true,"valueName":"search_term_string"}}],"inLanguage":"en-US"},{"@type":"Person","@id":"https:\/\/hotnews.azontree.com\/#\/schema\/person\/be4a7a1dd6610f91ca61f0056665371f","name":"MrHuong MrHuong","image":{"@type":"ImageObject","inLanguage":"en-US","@id":"https:\/\/hotnews.azontree.com\/#\/schema\/person\/image\/","url":"https:\/\/secure.gravatar.com\/avatar\/94edb664d54a8d5821dfaf385af9e36a51c05e386af825467869258e2ec5d25e?s=96&d=mm&r=g","contentUrl":"https:\/\/secure.gravatar.com\/avatar\/94edb664d54a8d5821dfaf385af9e36a51c05e386af825467869258e2ec5d25e?s=96&d=mm&r=g","caption":"MrHuong MrHuong"},"url":"https:\/\/hotnews.azontree.com\/?author=8"}]}},"_links":{"self":[{"href":"https:\/\/hotnews.azontree.com\/index.php?rest_route=\/wp\/v2\/posts\/10947","targetHints":{"allow":["GET"]}}],"collection":[{"href":"https:\/\/hotnews.azontree.com\/index.php?rest_route=\/wp\/v2\/posts"}],"about":[{"href":"https:\/\/hotnews.azontree.com\/index.php?rest_route=\/wp\/v2\/types\/post"}],"author":[{"embeddable":true,"href":"https:\/\/hotnews.azontree.com\/index.php?rest_route=\/wp\/v2\/users\/8"}],"replies":[{"embeddable":true,"href":"https:\/\/hotnews.azontree.com\/index.php?rest_route=%2Fwp%2Fv2%2Fcomments&post=10947"}],"version-history":[{"count":1,"href":"https:\/\/hotnews.azontree.com\/index.php?rest_route=\/wp\/v2\/posts\/10947\/revisions"}],"predecessor-version":[{"id":10949,"href":"https:\/\/hotnews.azontree.com\/index.php?rest_route=\/wp\/v2\/posts\/10947\/revisions\/10949"}],"wp:featuredmedia":[{"embeddable":true,"href":"https:\/\/hotnews.azontree.com\/index.php?rest_route=\/wp\/v2\/media\/10948"}],"wp:attachment":[{"href":"https:\/\/hotnews.azontree.com\/index.php?rest_route=%2Fwp%2Fv2%2Fmedia&parent=10947"}],"wp:term":[{"taxonomy":"category","embeddable":true,"href":"https:\/\/hotnews.azontree.com\/index.php?rest_route=%2Fwp%2Fv2%2Fcategories&post=10947"},{"taxonomy":"post_tag","embeddable":true,"href":"https:\/\/hotnews.azontree.com\/index.php?rest_route=%2Fwp%2Fv2%2Ftags&post=10947"}],"curies":[{"name":"wp","href":"https:\/\/api.w.org\/{rel}","templated":true}]}}